{"id":936,"date":"2013-12-09T20:27:57","date_gmt":"2013-12-09T20:27:57","guid":{"rendered":"http:\/\/www.weisskirchen-gesangverein.de\/?p=936"},"modified":"2017-01-12T14:17:26","modified_gmt":"2017-01-12T14:17:26","slug":"maennerchor","status":"publish","type":"post","link":"https:\/\/www.gesangverein-weisskirchen.de\/?p=936","title":{"rendered":"M\u00e4nnerchor im Landratsamt"},"content":{"rendered":"<p>Bei der Vorstellung des Jahrbuch 2014 mit dem Schwerpunktthema Musikpr\u00e4sentierte der <a title=\"Der M\u00e4nnerchor\" href=\"https:\/\/www.gesangverein-weisskirchen.de\/?page_id=97\">M\u00e4nnerchor<\/a> sein K\u00f6nnen.<\/p>\n<p>Taunuszeitung : <a href=\"http:\/\/www.taunus-zeitung.de\/lokales\/hochtaunus\/So-musikalisch-ist-der-Taunus;art690,693157\" target=\"_blank\">So musikalisch ist der Taunus<\/a><\/p>\n<p>und : \u00a0<a href=\"http:\/\/www.taunus-zeitung.de\/lokales\/hochtaunus\/Alle-Facetten-der-Musik;art690,693723\" target=\"_blank\">Alle Facetten der Musik<\/a><\/p>\n","protected":false},"excerpt":{"rendered":"<p>Bei der Vorstellung des Jahrbuch 2014 mit dem Schwerpunktthema Musikpr\u00e4sentierte der M\u00e4nnerchor sein K\u00f6nnen. Taunuszeitung : So musikalisch ist der Taunus und : \u00a0Alle Facetten der Musik<\/p>\n","protected":false},"author":2,"featured_media":935,"comment_status":"open","ping_status":"open","sticky":false,"template":"","format":"standard","meta":{"ngg_post_thumbnail":0,"footnotes":"","_links_to":"","_links_to_target":""},"categories":[1],"tags":[],"class_list":["post-936","post","type-post","status-publish","format-standard","has-post-thumbnail","hentry","category-allgemein"],"_links":{"self":[{"href":"https:\/\/www.gesangverein-weisskirchen.de\/index.php?rest_route=\/wp\/v2\/posts\/936"}],"collection":[{"href":"https:\/\/www.gesangverein-weisskirchen.de\/index.php?rest_route=\/wp\/v2\/posts"}],"about":[{"href":"https:\/\/www.gesangverein-weisskirchen.de\/index.php?rest_route=\/wp\/v2\/types\/post"}],"author":[{"embeddable":true,"href":"https:\/\/www.gesangverein-weisskirchen.de\/index.php?rest_route=\/wp\/v2\/users\/2"}],"replies":[{"embeddable":true,"href":"https:\/\/www.gesangverein-weisskirchen.de\/index.php?rest_route=%2Fwp%2Fv2%2Fcomments&post=936"}],"version-history":[{"count":13,"href":"https:\/\/www.gesangverein-weisskirchen.de\/index.php?rest_route=\/wp\/v2\/posts\/936\/revisions"}],"predecessor-version":[{"id":1775,"href":"https:\/\/www.gesangverein-weisskirchen.de\/index.php?rest_route=\/wp\/v2\/posts\/936\/revisions\/1775"}],"wp:featuredmedia":[{"embeddable":true,"href":"https:\/\/www.gesangverein-weisskirchen.de\/index.php?rest_route=\/wp\/v2\/media\/935"}],"wp:attachment":[{"href":"https:\/\/www.gesangverein-weisskirchen.de\/index.php?rest_route=%2Fwp%2Fv2%2Fmedia&parent=936"}],"wp:term":[{"taxonomy":"category","embeddable":true,"href":"https:\/\/www.gesangverein-weisskirchen.de\/index.php?rest_route=%2Fwp%2Fv2%2Fcategories&post=936"},{"taxonomy":"post_tag","embeddable":true,"href":"https:\/\/www.gesangverein-weisskirchen.de\/index.php?rest_route=%2Fwp%2Fv2%2Ftags&post=936"}],"curies":[{"name":"wp","href":"https:\/\/api.w.org\/{rel}","templated":true}]}}